{"id":5208,"date":"2021-09-29T20:39:23","date_gmt":"2021-09-29T20:39:23","guid":{"rendered":"https:\/\/ic4ij.test\/?post_type=press&#038;p=5208"},"modified":"2021-09-29T20:39:23","modified_gmt":"2021-09-29T20:39:23","slug":"first-graduates-of-emprendedors-program-that-offers-tools-and-funds-for-small-businesses-and-entrepreneurs-in-the-region","status":"publish","type":"press","link":"https:\/\/ic4ij.org\/es\/press\/first-graduates-of-emprendedors-program-that-offers-tools-and-funds-for-small-businesses-and-entrepreneurs-in-the-region","title":{"rendered":"Primeros Egresados de Emprendedor@s Programa que ofrece herramientas y fondos para peque\u00f1as empresas y emprendedores de la regi\u00f3n"},"content":{"rendered":"<p><b>Presione soltar<\/b><\/p>\n<p><b>Para publicaci\u00f3n inmediata \/\/<\/b><\/p>\n<p><span style=\"font-weight: 400;\">26 de agosto de 2021<\/span><\/p>\n<p><b>Contacto: <\/b><span style=\"font-weight: 400;\">tamara@ic4ij, (562) 212-2664<\/span><\/p>\n<p style=\"text-align: center;\"><b>primeros graduados de <\/b><b>Programa Emprendedor@s<\/b><b> que ofrece herramientas y fondos para peque\u00f1as empresas y emprendedores de la regi\u00f3n<\/b><\/p>\n<p><b>San Bernardino, CA - <\/b><span style=\"font-weight: 400;\">El jueves 26 de agosto, Inland Coalition for Immigrant Justice (ICIJ) y Asociaci\u00f3n de Emprendedor@s tendr\u00e1n su <\/span><span style=\"font-weight: 400;\">Graduaci\u00f3n Programa Emprendedor@s<\/span><span style=\"font-weight: 400;\">. 24 han estado asistiendo a un programa de ocho semanas en el que han aprendido c\u00f3mo solicitar licencias comerciales, expandir su negocio y ser empresarios exitosos. Al graduarse, estas peque\u00f1as empresas tendr\u00e1n la oportunidad de solicitar microbecas de hasta $7,500. Las microdonaciones ayudar\u00e1n con equipos, herramientas, licencias y capacitaci\u00f3n.<\/span><\/p>\n<p><b>Ver\u00f3nica Rom\u00e1n, empresaria de San Bernardino y participante del programa<\/b><span style=\"font-weight: 400;\"> afirm\u00f3 que \u201cDurante este programa, hemos ido conociendo los recursos disponibles para las peque\u00f1as empresas y emprendedores como nosotros. Aprend\u00ed sobre la estructura de un negocio y c\u00f3mo seguir creciendo como emprendedor. Este programa nos dio las habilidades para obtener nuestro permiso y c\u00f3mo tener \u00e9xito. Todos continuaremos con las habilidades que se nos ense\u00f1aron, obtendremos nuestros permisos y seguiremos haciendo crecer nuestras peque\u00f1as empresas\u201d.<\/span><\/p>\n<p><b>Lyzzeth Mendoza, Directora de Pol\u00edticas de Inland Coalition for Immigrant Justice emiti\u00f3 la siguiente declaraci\u00f3n:<\/b><span style=\"font-weight: 400;\">\u00a0<\/span><\/p>\n<p><span style=\"font-weight: 400;\">&quot;<\/span><i><span style=\"font-weight: 400;\">Estoy emocionado de ver cu\u00e1les ser\u00e1n los resultados a corto plazo y a largo plazo para los microempresarios que se han beneficiado de este programa. Espero que m\u00e1s vendedores ambulantes y operadores de micrococinas se inscriban en este programa y soliciten estas microsubvenciones. Su participaci\u00f3n mostrar\u00e1 a los l\u00edderes electos el valor de los microempresarios del interior<\/span><\/i><span style=\"font-weight: 400;\">. &quot;<\/span><\/p>\n<p><b>M\u00f3nica Robles, Fundadora y Presidenta de la Asociaci\u00f3n de Emprendador@s expres\u00f3 lo siguiente<\/b><b>:<\/b><span style=\"font-weight: 400;\">\u00a0<\/span><\/p>\n<p><span style=\"font-weight: 400;\">&quot;<\/span><i><span style=\"font-weight: 400;\">El Programa Emprendedor@s educa, empodera y desarrolla el liderazgo y las habilidades empresariales de las peque\u00f1as empresas de la comunidad hispana. Este <\/span><\/i><i><span style=\"font-weight: 400;\">Programa Emprendedor@s<\/span><\/i><i><span style=\"font-weight: 400;\"> se ha vuelto fundamental para nuestros participantes porque se trata de un enfoque integral de los negocios y el emprendimiento. Estamos muy contentos de graduar a 24 nuevos Emprendedor@s y esperamos continuar nuestra alianza con ICIJ, brindando esperanza y educaci\u00f3n a nuestros vendedores ambulantes en los condados de Riverside y San Bernardino, CA\u201d.<\/span><\/i><\/p>\n<p style=\"text-align: center;\"><span style=\"font-weight: 400;\">###<\/span><\/p>","protected":false},"author":3,"parent":0,"template":"","categories":[],"class_list":["post-5208","press","type-press","status-publish","hentry"],"acf":[],"jetpack_sharing_enabled":true,"_links":{"self":[{"href":"https:\/\/ic4ij.org\/es\/wp-json\/wp\/v2\/press\/5208","targetHints":{"allow":["GET"]}}],"collection":[{"href":"https:\/\/ic4ij.org\/es\/wp-json\/wp\/v2\/press"}],"about":[{"href":"https:\/\/ic4ij.org\/es\/wp-json\/wp\/v2\/types\/press"}],"author":[{"embeddable":true,"href":"https:\/\/ic4ij.org\/es\/wp-json\/wp\/v2\/users\/3"}],"version-history":[{"count":1,"href":"https:\/\/ic4ij.org\/es\/wp-json\/wp\/v2\/press\/5208\/revisions"}],"predecessor-version":[{"id":5209,"href":"https:\/\/ic4ij.org\/es\/wp-json\/wp\/v2\/press\/5208\/revisions\/5209"}],"wp:attachment":[{"href":"https:\/\/ic4ij.org\/es\/wp-json\/wp\/v2\/media?parent=5208"}],"wp:term":[{"taxonomy":"category","embeddable":true,"href":"https:\/\/ic4ij.org\/es\/wp-json\/wp\/v2\/categories?post=5208"}],"curies":[{"name":"wp","href":"https:\/\/api.w.org\/{rel}","templated":true}]}}