{"id":4718,"date":"2021-04-30T18:51:39","date_gmt":"2021-04-30T18:51:39","guid":{"rendered":"https:\/\/ic4ij.test\/?post_type=press&#038;p=4718"},"modified":"2021-04-30T18:51:39","modified_gmt":"2021-04-30T18:51:39","slug":"biden-agrees-with-immigrant-rights-advocates-there-should-be-no-private-prisons-period-no-private-detention-centers","status":"publish","type":"press","link":"https:\/\/ic4ij.org\/es\/press\/biden-agrees-with-immigrant-rights-advocates-there-should-be-no-private-prisons-period-no-private-detention-centers","title":{"rendered":"Biden est\u00e1 de acuerdo con los defensores de los derechos de los inmigrantes: \u201cNo deber\u00eda haber per\u00edodos de prisiones privadas. No hay centros de detenci\u00f3n privados \u201d"},"content":{"rendered":"<p><strong>Para publicaci\u00f3n inmediata \/\/<\/strong><br \/>\n<strong>Contacto<\/strong>: Armando Carmona, <a href=\"mailto:media@ic4ij.org\">media@ic4ij.org<\/a>, 951-966-6500<\/p>\n<p><strong>Biden est\u00e1 de acuerdo con los defensores de los derechos de los inmigrantes: \u201cNo deber\u00eda haber per\u00edodos de prisiones privadas. No hay centros de detenci\u00f3n privados \u201d<\/strong><\/p>\n<p>Georgia, CA - El jueves por la noche, durante un autocine del presidente Joe Biden, los defensores de los inmigrantes en Georgia exigieron el cierre de todas las prisiones privadas, incluidos los centros de detenci\u00f3n de inmigrantes. Cuando el presidente Biden comenz\u00f3 su discurso, los defensores fueron interrumpidos gritando &quot;acaben con la detenci\u00f3n ahora&quot; y &quot;comunidades, no jaulas&quot;. El presidente Biden respondi\u00f3 estando de acuerdo con las personas y declar\u00f3 que \u00e9l <a href=\"https:\/\/twitter.com\/CBSNews\/status\/1387896399837208580?s=20\">se compromete a poner fin a la &quot;detenci\u00f3n privada&quot;<\/a> y actuar en 5 d\u00edas.<\/p>\n<p>Ayer marc\u00f3 los primeros 100 d\u00edas en el cargo de la administraci\u00f3n Biden, sin embargo, el presidente Biden no se ha dirigido a los mortales centros de detenci\u00f3n de inmigrantes que contin\u00faan enjaulando y abusando de nuestras comunidades de inmigrantes. Los l\u00edderes del Congreso ya han pedido a Biden que ponga fin a las prisiones privadas de una vez por todas y han reintroducido un proyecto de ley que incluir\u00eda una moratoria sobre la detenci\u00f3n privada de inmigrantes.<\/p>\n<p><strong>Jos\u00e9 Topete, un inmigrante formalmente detenido en el Centro de Detenci\u00f3n de Adelanto declar\u00f3:<\/strong><\/p>\n<blockquote><p>\u201cYo personalmente experiment\u00e9 los horrores de la detenci\u00f3n privada de inmigrantes. Estuve recluido en Adelanto durante m\u00e1s de 2 a\u00f1os y experiment\u00e9 niveles horribles de abuso. GEO es uno de los mayores beneficiarios de este abuso y deben ser abolidos. Este sufrimiento que enfrentan todos los inmigrantes dentro de los centros de detenci\u00f3n debe terminar. El presidente Biden debe cumplir su promesa de cerrar las c\u00e1rceles privadas, ya es suficiente &quot;.<\/p><\/blockquote>\n<p><strong>Lizbeth Abeln, Gerente de Programas de Defensa de Deportaci\u00f3n en Inland Coalition for Immigration Justice declar\u00f3 lo siguiente<\/strong><\/p>\n<blockquote><p>\u201cEl compromiso del presidente Joe Biden es el resultado de un movimiento asombroso para poner fin a la detenci\u00f3n privada dirigido por personas que han sido v\u00edctimas de este horrible sistema, organizadores y abogados que comprenden las necesidades de nuestras comunidades. Una moratoria sobre la detenci\u00f3n privada es una victoria significativa para nuestras comunidades y un gran primer paso para abordar el racismo sist\u00e9mico en este pa\u00eds, pero nuestra lucha contin\u00faa hasta que los liberemos a todos y abolimos el ICE \u201d.<\/p><\/blockquote>","protected":false},"author":2,"parent":0,"template":"","categories":[17],"class_list":["post-4718","press","type-press","status-publish","hentry","category-press-release"],"acf":[],"jetpack_sharing_enabled":true,"_links":{"self":[{"href":"https:\/\/ic4ij.org\/es\/wp-json\/wp\/v2\/press\/4718","targetHints":{"allow":["GET"]}}],"collection":[{"href":"https:\/\/ic4ij.org\/es\/wp-json\/wp\/v2\/press"}],"about":[{"href":"https:\/\/ic4ij.org\/es\/wp-json\/wp\/v2\/types\/press"}],"author":[{"embeddable":true,"href":"https:\/\/ic4ij.org\/es\/wp-json\/wp\/v2\/users\/2"}],"version-history":[{"count":1,"href":"https:\/\/ic4ij.org\/es\/wp-json\/wp\/v2\/press\/4718\/revisions"}],"predecessor-version":[{"id":4719,"href":"https:\/\/ic4ij.org\/es\/wp-json\/wp\/v2\/press\/4718\/revisions\/4719"}],"wp:attachment":[{"href":"https:\/\/ic4ij.org\/es\/wp-json\/wp\/v2\/media?parent=4718"}],"wp:term":[{"taxonomy":"category","embeddable":true,"href":"https:\/\/ic4ij.org\/es\/wp-json\/wp\/v2\/categories?post=4718"}],"curies":[{"name":"wp","href":"https:\/\/api.w.org\/{rel}","templated":true}]}}