{"id":4487,"date":"2021-02-25T09:35:03","date_gmt":"2021-02-25T17:35:03","guid":{"rendered":"https:\/\/ic4ij.test\/?p=4487"},"modified":"2021-04-18T15:27:15","modified_gmt":"2021-04-18T15:27:15","slug":"icij-joins-national-campaign-to-shut-down-ice-detention-facilities","status":"publish","type":"press","link":"https:\/\/ic4ij.org\/es\/press\/icij-joins-national-campaign-to-shut-down-ice-detention-facilities","title":{"rendered":"IC4IJ se une a la campa\u00f1a nacional para cerrar las instalaciones de detenci\u00f3n de ICE\u00a0"},"content":{"rendered":"<p><b>Para publicaci\u00f3n inmediata<\/b><span style=\"font-weight: 400\"> \/\/<br \/>\n<\/span><span style=\"font-weight: 400\">25 de febrero de 2021<br \/>\n<\/span><b>Contacto<\/b><span style=\"font-weight: 400\">: 951-966-6500, media@ic4ij.org<\/span><\/p>\n<p style=\"text-align: center\"><b>IC4IJ se une a la campa\u00f1a nacional para cerrar las instalaciones de detenci\u00f3n de ICE\u00a0<\/b><\/p>\n<p><span style=\"font-weight: 400\"><strong>San Bernardino, CA<\/strong> - Inland Coalition for Immigrant Justice se une con orgullo a la campa\u00f1a \u201cFirst Ten to Communities Not Cages\u201d liderada por Detention Watch Network, exigiendo el cierre de 10 centros de detenci\u00f3n de inmigrantes en el primer a\u00f1o de la administraci\u00f3n Biden. Como coordinador de la Coalici\u00f3n Shut Down Adelanto, IC4IJ ve la necesidad de ampliar los esfuerzos de base y unirse en solidaridad con la lucha nacional para terminar y abolir los centros de detenci\u00f3n de inmigrantes.\u00a0<\/span><\/p>\n<p>&nbsp;<\/p>\n<p><span style=\"font-weight: 400\">Los \u201cPrimeros Diez\u201d son parte de un esfuerzo mayor de la Campa\u00f1a Comunidades, No Jaulas para cerrar el Servicio de Inmigraci\u00f3n y Control de Aduanas (ICE), los centros de detenci\u00f3n y detener la expansi\u00f3n y construcci\u00f3n de nuevas instalaciones.<\/span><\/p>\n<p>&nbsp;<\/p>\n<p><b>Lizbeth Abeln, Gerente de Programas de Defensa de Deportaci\u00f3n de Inland Coalition for Immigrant Justice, dijo:<\/b><\/p>\n<blockquote><p><span style=\"font-weight: 400\">&quot;<\/span><i><span style=\"font-weight: 400\">Esta pandemia ha confirmado lo que hemos estado diciendo durante a\u00f1os, ICE es una agencia dise\u00f1ada para aterrorizar a las comunidades de inmigrantes y nadie est\u00e1 a salvo en las c\u00e1rceles de ICE. Cuando personas como Jos\u00e9 Tapete han hablado, ICE ha tomado represalias duramente utilizando productos qu\u00edmicos nocivos, gas pimienta y balas de goma en su contra. Sus atroces acciones contra los inmigrantes detenidos son degradantes y demuestran una intenci\u00f3n deliberada de causar da\u00f1o. Esta instalaci\u00f3n necesita ser cerrada, no m\u00e1s excusas.<\/span><\/i><span style=\"font-weight: 400\">&#8220;<\/span><\/p><\/blockquote>\n<p><b>El representante Mark Takano, en representaci\u00f3n del distrito 41 de California, dijo:<\/b><\/p>\n<blockquote><p><span style=\"font-weight: 400\">&quot;<\/span><i><span style=\"font-weight: 400\">Las instalaciones de detenci\u00f3n de ICE en Adelanto y en todo el pa\u00eds han operado constantemente de maneras que contradicen los valores de inmigrantes de nuestra naci\u00f3n, es hora de cerrarlas. He visitado Adelanto y he sido testigo de la forma en que se trata a los inmigrantes detenidos en estas instalaciones\u2026 Como naci\u00f3n, debemos defender los derechos humanos y en defensa de los inmigrantes que vienen a este pa\u00eds en busca de una vida mejor. Felicito a la Administraci\u00f3n de Biden por tomar medidas para poner fin al uso federal de prisiones con fines de lucro, y le insto a que haga lo mismo con los centros de detenci\u00f3n de inmigrantes. El Grupo GEO, que administra Adelanto y otras instalaciones en todo el pa\u00eds, se beneficia del trato injusto de los detenidos y de nuestro sistema de inmigraci\u00f3n quebrado. Es por eso que apoyo la campa\u00f1a &#039;First Ten&#039; para pedir el cierre del Centro de Detenci\u00f3n ICE de Adelanto, y con mucho gusto me unir\u00e9 a las llamadas para cerrar m\u00e1s centros de detenci\u00f3n en todo el pa\u00eds. Las familias y los solicitantes de asilo no deben estar detenidos y los ni\u00f1os no deben estar en jaulas; nuestro sistema de inmigraci\u00f3n debe ser humano.<\/span><\/i><span style=\"font-weight: 400\">&quot;<\/span><\/p><\/blockquote>\n<p>&nbsp;<\/p>\n<p><span style=\"font-weight: 400\">###<\/span><\/p>\n<p>&nbsp;<\/p>","protected":false},"author":3,"parent":0,"template":"","categories":[14,25,17,35,13],"class_list":["post-4487","press","type-press","status-publish","hentry","category-shutdownadelanto","category-inland-empire","category-press-release","category-statement","category-urgent"],"acf":[],"jetpack_sharing_enabled":true,"_links":{"self":[{"href":"https:\/\/ic4ij.org\/es\/wp-json\/wp\/v2\/press\/4487","targetHints":{"allow":["GET"]}}],"collection":[{"href":"https:\/\/ic4ij.org\/es\/wp-json\/wp\/v2\/press"}],"about":[{"href":"https:\/\/ic4ij.org\/es\/wp-json\/wp\/v2\/types\/press"}],"author":[{"embeddable":true,"href":"https:\/\/ic4ij.org\/es\/wp-json\/wp\/v2\/users\/3"}],"version-history":[{"count":1,"href":"https:\/\/ic4ij.org\/es\/wp-json\/wp\/v2\/press\/4487\/revisions"}],"predecessor-version":[{"id":4562,"href":"https:\/\/ic4ij.org\/es\/wp-json\/wp\/v2\/press\/4487\/revisions\/4562"}],"wp:attachment":[{"href":"https:\/\/ic4ij.org\/es\/wp-json\/wp\/v2\/media?parent=4487"}],"wp:term":[{"taxonomy":"category","embeddable":true,"href":"https:\/\/ic4ij.org\/es\/wp-json\/wp\/v2\/categories?post=4487"}],"curies":[{"name":"wp","href":"https:\/\/api.w.org\/{rel}","templated":true}]}}