{"id":4275,"date":"2020-01-22T14:22:17","date_gmt":"2020-01-22T22:22:17","guid":{"rendered":"https:\/\/ic4ij.test\/?p=4275"},"modified":"2021-04-18T15:27:25","modified_gmt":"2021-04-18T15:27:25","slug":"statewide-day-of-visitations-and-actions-2020","status":"publish","type":"press","link":"https:\/\/ic4ij.org\/es\/press\/statewide-day-of-visitations-and-actions-2020","title":{"rendered":"D\u00eda de visitas y acciones a nivel estatal 2020"},"content":{"rendered":"<p><span style=\"font-weight: 400\">S\u00e1bado, 21 de enero de 2020 <\/span><span style=\"font-weight: 400\">nos unimos a grupos en todo el estado para participar en un d\u00eda de visitas y acci\u00f3n en todo el estado. Al otro lado de la calle del centro de detenci\u00f3n, nuestros amigos y vecinos de todo el sur de California se reunieron para<\/span><\/p>\n<figure id=\"attachment_4276\" aria-describedby=\"caption-attachment-4276\" style=\"width: 300px\" class=\"wp-caption alignright\"><img loading=\"lazy\" decoding=\"async\" class=\"size-medium wp-image-4276\" src=\"https:\/\/ic4ij.org\/wp-content\/uploads\/sites\/134\/2020\/01\/IMG_2888-300x225.jpeg\" alt=\"\" width=\"300\" height=\"225\" \/><figcaption id=\"caption-attachment-4276\" class=\"wp-caption-text\">Miembros de organizaciones de todo el estado cierran el D\u00eda de Visita y Acci\u00f3n a Nivel Estatal 2020<\/figcaption><\/figure>\n<p><span style=\"font-weight: 400\">prep\u00e1rese para las visitas y comparta el conocimiento de los miembros de la comunidad directamente afectados. Sin embargo, despu\u00e9s de no m\u00e1s de una hora, los guardias de GEO rechazaron a los visitantes, alegando que las visitas eran solo para familiares de personas detenidas. Reconocemos que estas t\u00e1cticas d\u00e9biles siguen el patr\u00f3n del grupo GEO e ICE, para reclamar la falta de autoridad sobre las pol\u00edticas de visitas y tratamiento de las personas una vez que ingresan al centro de detenci\u00f3n. Dado que tanto GEO como ICE se niegan a rendir cuentas por las \u201cpol\u00edticas\u201d que GEO e ICE aplican arbitrariamente, est\u00e1n haciendo mucho m\u00e1s da\u00f1o a las personas detenidas ya las familias que las visitan.\u00a0<\/span><\/p>\n<p>Una vez que nuestro grupo sali\u00f3 de las instalaciones cerramos la jornada con un c\u00edrculo y una canci\u00f3n especial de Tito El Rey.<\/p>","protected":false},"author":3,"parent":0,"template":"","categories":[14,15,22],"class_list":["post-4275","press","type-press","status-publish","hentry","category-shutdownadelanto","category-events","category-general"],"acf":[],"jetpack_sharing_enabled":true,"_links":{"self":[{"href":"https:\/\/ic4ij.org\/es\/wp-json\/wp\/v2\/press\/4275","targetHints":{"allow":["GET"]}}],"collection":[{"href":"https:\/\/ic4ij.org\/es\/wp-json\/wp\/v2\/press"}],"about":[{"href":"https:\/\/ic4ij.org\/es\/wp-json\/wp\/v2\/types\/press"}],"author":[{"embeddable":true,"href":"https:\/\/ic4ij.org\/es\/wp-json\/wp\/v2\/users\/3"}],"version-history":[{"count":1,"href":"https:\/\/ic4ij.org\/es\/wp-json\/wp\/v2\/press\/4275\/revisions"}],"predecessor-version":[{"id":4592,"href":"https:\/\/ic4ij.org\/es\/wp-json\/wp\/v2\/press\/4275\/revisions\/4592"}],"wp:attachment":[{"href":"https:\/\/ic4ij.org\/es\/wp-json\/wp\/v2\/media?parent=4275"}],"wp:term":[{"taxonomy":"category","embeddable":true,"href":"https:\/\/ic4ij.org\/es\/wp-json\/wp\/v2\/categories?post=4275"}],"curies":[{"name":"wp","href":"https:\/\/api.w.org\/{rel}","templated":true}]}}