{"id":4243,"date":"2019-10-29T11:57:37","date_gmt":"2019-10-29T18:57:37","guid":{"rendered":"https:\/\/ic4ij.test\/?p=4243"},"modified":"2021-04-18T15:27:34","modified_gmt":"2021-04-18T15:27:34","slug":"carlos-esta-con-su","status":"publish","type":"press","link":"https:\/\/ic4ij.org\/es\/press\/carlos-esta-con-su","title":{"rendered":"Carlos esta con su"},"content":{"rendered":"<p><span style=\"font-weight: 400\">\u00a1Nos complace darle la bienvenida a <strong>un residente del IE que fue lanzado desde GEO&#039;s Adelanto Centro de Detenci\u00f3n la semana pasada!<\/strong><\/span><\/p>\n<figure id=\"attachment_4245\" aria-describedby=\"caption-attachment-4245\" style=\"width: 225px\" class=\"wp-caption alignleft\"><img loading=\"lazy\" decoding=\"async\" class=\"wp-image-4245 size-medium\" src=\"https:\/\/justice.villagespring.com\/wp-content\/uploads\/sites\/134\/2019\/10\/123_1-1-1-225x300.jpg\" alt=\"\" width=\"225\" height=\"300\" \/><figcaption id=\"caption-attachment-4245\" class=\"wp-caption-text\">Carlos, afuera del centro de detenci\u00f3n de GEO en Adelanto<\/figcaption><\/figure>\n<p><span style=\"font-weight: 400\">Carlos y su familia han sido residentes de Fontana durante mucho tiempo. Cuando fue detenido, la p\u00e9rdida que experiment\u00f3 su familia fue inimaginable. Carlos experiment\u00f3 de primera mano las condiciones traum\u00e1ticas en el centro de detenci\u00f3n de Adelanto de GEO. Afortunadamente, a Carlos se le concedi\u00f3 la fianza, sin embargo, como muchos otros, su familia no pudo pagar.<\/span><\/p>\n<p><span style=\"font-weight: 400\">Como el principal sost\u00e9n de la familia, la familia de Carlos comenz\u00f3 a tener dificultades financieras despu\u00e9s de que fue detenida y no pudo pagar <\/span><span style=\"font-weight: 400\">la fianza<\/span><span style=\"font-weight: 400\"> de Carlos por su cuenta, adem\u00e1s de satisfacer sus necesidades b\u00e1sicas. No poder pagar su fianza pone a las personas en riesgo de deportaci\u00f3n, porque no pueden acceder a una representaci\u00f3n legal dentro de un centro de detenci\u00f3n. L<\/span><a href=\"https:\/\/www.npr.org\/2019\/08\/15\/748764322\/unequal-outcomes-most-ice-detainees-held-in-rural-areas-where-deportation-risks\"><span style=\"font-weight: 400\">como tasas alarmantemente altas de deportaci\u00f3n<\/span><\/a><span style=\"font-weight: 400\"> se han observado en \u00e1reas con acceso limitado a representaci\u00f3n legal.<\/span><\/p>\n<p><span style=\"font-weight: 400\">Afortunadamente, con la representaci\u00f3n, gratuita de parte de Public Counsel, Carlos recibi\u00f3 un bono de $ 4,000 d\u00f3lares. Despu\u00e9s de lo cual, <\/span><a href=\"https:\/\/www.freeourneighbors.org\/\"><span style=\"font-weight: 400\">Libera a nuestros vecinos<\/span><\/a><span style=\"font-weight: 400\"> apoy\u00f3 ofreciendo el dinero para el bono, y un voluntario se dirigi\u00f3 a Los \u00c1ngeles para pagar el bono.<\/span><\/p>\n<p><span style=\"font-weight: 400\">La Coalici\u00f3n Para Justicia Inmigrantes ha estado trabajando para apoyar a nuestras comunidades de inmigrantes, y los<\/span><a href=\"https:\/\/www.gofundme.com\/f\/IC4IJdeportationdefense\"><span style=\"font-weight: 400\"> invitamos a donar a nuestro fondo de bonos para sacar a las personas del Centro de Detenci\u00f3n de Adelanto de GEO<\/span><\/a><span style=\"font-weight: 400\">.<\/span><\/p>\n<p>&nbsp;<\/p>","protected":false},"author":3,"parent":0,"template":"","categories":[6],"class_list":["post-4243","press","type-press","status-publish","has-post-thumbnail","hentry","category-sin-categorizar"],"acf":[],"jetpack_sharing_enabled":true,"_links":{"self":[{"href":"https:\/\/ic4ij.org\/es\/wp-json\/wp\/v2\/press\/4243","targetHints":{"allow":["GET"]}}],"collection":[{"href":"https:\/\/ic4ij.org\/es\/wp-json\/wp\/v2\/press"}],"about":[{"href":"https:\/\/ic4ij.org\/es\/wp-json\/wp\/v2\/types\/press"}],"author":[{"embeddable":true,"href":"https:\/\/ic4ij.org\/es\/wp-json\/wp\/v2\/users\/3"}],"version-history":[{"count":1,"href":"https:\/\/ic4ij.org\/es\/wp-json\/wp\/v2\/press\/4243\/revisions"}],"predecessor-version":[{"id":4600,"href":"https:\/\/ic4ij.org\/es\/wp-json\/wp\/v2\/press\/4243\/revisions\/4600"}],"wp:featuredmedia":[{"embeddable":true,"href":"https:\/\/ic4ij.org\/es\/wp-json\/"}],"wp:attachment":[{"href":"https:\/\/ic4ij.org\/es\/wp-json\/wp\/v2\/media?parent=4243"}],"wp:term":[{"taxonomy":"category","embeddable":true,"href":"https:\/\/ic4ij.org\/es\/wp-json\/wp\/v2\/categories?post=4243"}],"curies":[{"name":"wp","href":"https:\/\/api.w.org\/{rel}","templated":true}]}}