{"id":4615,"date":"2020-04-20T00:00:00","date_gmt":"2020-04-20T00:00:00","guid":{"rendered":"https:\/\/ic4ij.test\/news\/adelanto-mcfarland-to-vote-on-geos-proposal-to-convert-prisons-into-ice-detention-centers"},"modified":"2021-04-18T16:05:57","modified_gmt":"2021-04-18T16:05:57","slug":"adelanto-mcfarland-to-vote-on-geos-proposal-to-convert-prisons-into-ice-detention-centers","status":"publish","type":"news","link":"https:\/\/ic4ij.org\/es\/news\/adelanto-mcfarland-to-vote-on-geos-proposal-to-convert-prisons-into-ice-detention-centers","title":{"rendered":"Adelanto y McFarland votar\u00e1n la propuesta de GEO de convertir las c\u00e1rceles en centros de detenci\u00f3n de ICE"},"content":{"rendered":"","protected":false},"author":2,"featured_media":4698,"parent":0,"template":"","class_list":["post-4615","news","type-news","status-publish","has-post-thumbnail","hentry"],"acf":[],"jetpack_sharing_enabled":true,"_links":{"self":[{"href":"https:\/\/ic4ij.org\/es\/wp-json\/wp\/v2\/news\/4615","targetHints":{"allow":["GET"]}}],"collection":[{"href":"https:\/\/ic4ij.org\/es\/wp-json\/wp\/v2\/news"}],"about":[{"href":"https:\/\/ic4ij.org\/es\/wp-json\/wp\/v2\/types\/news"}],"author":[{"embeddable":true,"href":"https:\/\/ic4ij.org\/es\/wp-json\/wp\/v2\/users\/2"}],"version-history":[{"count":1,"href":"https:\/\/ic4ij.org\/es\/wp-json\/wp\/v2\/news\/4615\/revisions"}],"predecessor-version":[{"id":4657,"href":"https:\/\/ic4ij.org\/es\/wp-json\/wp\/v2\/news\/4615\/revisions\/4657"}],"wp:featuredmedia":[{"embeddable":true,"href":"https:\/\/ic4ij.org\/es\/wp-json\/wp\/v2\/media\/4698"}],"wp:attachment":[{"href":"https:\/\/ic4ij.org\/es\/wp-json\/wp\/v2\/media?parent=4615"}],"curies":[{"name":"wp","href":"https:\/\/api.w.org\/{rel}","templated":true}]}}